{"id":12190,"date":"2024-05-22T12:34:58","date_gmt":"2024-05-22T15:34:58","guid":{"rendered":"https:\/\/ar.andersen.com\/new-deadline-for-accessing-the-income-tax-and-personal-assets-tax-mini-plan\/"},"modified":"2024-05-22T12:35:00","modified_gmt":"2024-05-22T15:35:00","slug":"new-deadline-for-accessing-the-income-tax-and-personal-assets-tax-mini-plan","status":"publish","type":"post","link":"https:\/\/ar.andersen.com\/en\/new-deadline-for-accessing-the-income-tax-and-personal-assets-tax-mini-plan\/","title":{"rendered":"New deadline for accessing the income tax and personal assets tax mini-plan"},"content":{"rendered":"<p>[et_pb_section fb_built=&#8221;1&#8243; _builder_version=&#8221;4.17.4&#8243; _module_preset=&#8221;default&#8221; global_colors_info=&#8221;{}&#8221; theme_builder_area=&#8221;post_content&#8221;][et_pb_row _builder_version=&#8221;4.17.4&#8243; _module_preset=&#8221;default&#8221; custom_margin=&#8221;-35px|auto||auto||&#8221; global_colors_info=&#8221;{}&#8221; theme_builder_area=&#8221;post_content&#8221;][et_pb_column type=&#8221;4_4&#8243; _builder_version=&#8221;4.17.4&#8243; _module_preset=&#8221;default&#8221; global_colors_info=&#8221;{}&#8221; theme_builder_area=&#8221;post_content&#8221;][et_pb_text _builder_version=&#8221;4.17.4&#8243; _module_preset=&#8221;default&#8221; hover_enabled=&#8221;0&#8243; global_colors_info=&#8221;{}&#8221; theme_builder_area=&#8221;post_content&#8221; sticky_enabled=&#8221;0&#8243;]<\/p>\n<h2 style=\"text-align: justify;\">Nuevo plazo para la adhesi\u00f3n al Miniplan<\/h2>\n<p style=\"text-align: justify;\">Se extiende al 31\/7\/2022 el plazo para que los contribuyentes puedan solicitar la adhesi\u00f3n al Mini plan -RG (AFIP) 4959- para cancelar las obligaciones de los impuestos a las ganancias y sobre los bienes personales sin que se tenga en cuenta la categor\u00eda del SIPER del contribuyente.<\/p>\n<p>&gt; Para m\u00e1s informaci\u00f3n sobre la Resoluci\u00f3n General 5194\/2022 <a target=\"_blank\" href=\"https:\/\/www.boletinoficial.gob.ar\/detalleAviso\/primera\/263435\/20220530?busqueda=1\" rel=\"nofollow noopener\">clic aqu\u00ed<\/a><\/p>\n<p>&nbsp;<\/p>\n<p>&nbsp;<\/p>\n<h2 style=\"text-align: justify;\">Extensi\u00f3n del plazo para acceder a mayores beneficios en los Planes de Facilidades de Pago Permanentes<\/h2>\n<p>Se prorroga al 31\/7\/2022 la vigencia transitoria del r\u00e9gimen de facilidades de pago permanente en relaci\u00f3n a los beneficios correspondientes a la tasa de inter\u00e9s de financiamiento, as\u00ed como a la cantidad m\u00e1xima de planes y cuotas.<\/p>\n<p>&gt; Para m\u00e1s informaci\u00f3n sobre la Resoluci\u00f3n General 5195\/2022 <a target=\"_blank\" href=\"https:\/\/www.boletinoficial.gob.ar\/detalleAviso\/primera\/263436\/20220530?busqueda=1\" rel=\"nofollow noopener\">clic aqu\u00ed<\/a><\/p>\n<p>[\/et_pb_text][\/et_pb_column][\/et_pb_row][\/et_pb_section]<\/p>\n","protected":false},"excerpt":{"rendered":"<p>The deadline for taxpayers to apply for adhesion to the Mini Plan -RG (AFIP) 4959- is extended to 7\/31\/2022&#8230;.<\/p>\n","protected":false},"author":17,"featured_media":5181,"comment_status":"closed","ping_status":"closed","sticky":false,"template":"","format":"standard","meta":{"_acf_changed":false,"_joinchat":[],"footnotes":""},"categories":[58,96],"tags":[],"class_list":["post-12190","post","type-post","status-publish","format-standard","has-post-thumbnail","hentry","category-news-en","category-tax-en"],"acf":[],"_links":{"self":[{"href":"https:\/\/ar.andersen.com\/en\/wp-json\/wp\/v2\/posts\/12190","targetHints":{"allow":["GET"]}}],"collection":[{"href":"https:\/\/ar.andersen.com\/en\/wp-json\/wp\/v2\/posts"}],"about":[{"href":"https:\/\/ar.andersen.com\/en\/wp-json\/wp\/v2\/types\/post"}],"author":[{"embeddable":true,"href":"https:\/\/ar.andersen.com\/en\/wp-json\/wp\/v2\/users\/17"}],"replies":[{"embeddable":true,"href":"https:\/\/ar.andersen.com\/en\/wp-json\/wp\/v2\/comments?post=12190"}],"version-history":[{"count":1,"href":"https:\/\/ar.andersen.com\/en\/wp-json\/wp\/v2\/posts\/12190\/revisions"}],"predecessor-version":[{"id":12191,"href":"https:\/\/ar.andersen.com\/en\/wp-json\/wp\/v2\/posts\/12190\/revisions\/12191"}],"wp:featuredmedia":[{"embeddable":true,"href":"https:\/\/ar.andersen.com\/en\/wp-json\/wp\/v2\/media\/5181"}],"wp:attachment":[{"href":"https:\/\/ar.andersen.com\/en\/wp-json\/wp\/v2\/media?parent=12190"}],"wp:term":[{"taxonomy":"category","embeddable":true,"href":"https:\/\/ar.andersen.com\/en\/wp-json\/wp\/v2\/categories?post=12190"},{"taxonomy":"post_tag","embeddable":true,"href":"https:\/\/ar.andersen.com\/en\/wp-json\/wp\/v2\/tags?post=12190"}],"curies":[{"name":"wp","href":"https:\/\/api.w.org\/{rel}","templated":true}]}}