{"id":11117,"date":"2023-09-22T10:27:49","date_gmt":"2023-09-22T13:27:49","guid":{"rendered":"https:\/\/ar.andersen.com\/news-en\/changes-in-repro-ii-program-creation-of-registradas-program\/"},"modified":"2023-09-22T10:27:52","modified_gmt":"2023-09-22T13:27:52","slug":"changes-in-repro-ii-program-creation-of-registradas-program","status":"publish","type":"post","link":"https:\/\/ar.andersen.com\/en\/changes-in-repro-ii-program-creation-of-registradas-program\/","title":{"rendered":"Changes in &#8220;REPRO II&#8221; Program &#8211; Creation of &#8220;Registradas&#8221; Program"},"content":{"rendered":"<p>[et_pb_section fb_built=&#8221;1&#8243; _builder_version=&#8221;4.11.4&#8243; _module_preset=&#8221;default&#8221; global_colors_info=&#8221;{}&#8221;][et_pb_row _builder_version=&#8221;4.11.4&#8243; _module_preset=&#8221;default&#8221; global_colors_info=&#8221;{}&#8221; custom_margin=&#8221;-35px|auto||auto||&#8221;][et_pb_column type=&#8221;4_4&#8243; _builder_version=&#8221;4.11.4&#8243; _module_preset=&#8221;default&#8221; global_colors_info=&#8221;{}&#8221;][et_pb_text _builder_version=&#8221;4.11.4&#8243; _module_preset=&#8221;default&#8221; global_colors_info=&#8221;{}&#8221;]<\/p>\n<h2>REPRO II<\/h2>\n<p>Se establece hasta el 31 de diciembre de 2038, el plazo de vigencia de los derechos y obligaciones acordados en el marco de la Ley 19.640 concedidos a favor de las empresas radicadas en la Provincia de Tierra Del Fuego, Ant\u00e1rtida e Islas Del Atl\u00e1ntico Sur, con proyectos vigentes al 24 de octubre de 2021 en la medida en que cumplimenten determinados requisitos.<\/p>\n<p>El MTEySS establece cambios en las caracter\u00edsticas del Programa de Recuperaci\u00f3n Productiva REPRO II. Los mismos se disponen en atenci\u00f3n a la situaci\u00f3n y particularidades de los distintos sectores que integran la econom\u00eda nacional como as\u00ed tambi\u00e9n a fin de adecuarse a los cambios en la situaci\u00f3n sanitaria en el marco de la pandemia del COVID-19 que se vienen registrando en el pa\u00eds en el \u00faltimo tiempo.<\/p>\n<p>&gt; Para m\u00e1s informaci\u00f3n sobre la Resoluci\u00f3n 650\/2021 MTEySS <a target=\"_blank\" href=\"https:\/\/www.boletinoficial.gob.ar\/detalleAviso\/primera\/251647\/20211025\" rel=\"nofollow noopener\">clic aqu\u00ed<\/a><\/p>\n<p>&nbsp;<\/p>\n<h2>Programa de recuperaci\u00f3n econ\u00f3mica, generaci\u00f3n de empleo e inclusi\u00f3n social para las trabajadoras y los trabajadores de casas particulares. \u201cREGISTRADAS\u201d<\/h2>\n<p>Se crea el programa \u201cREGISTRADAS\u201d, con el fin de crear nuevo empleo formal de trabajadoras y trabajadores de casas particulares y de mejorar sus condiciones de trabajo y dar acceso a derechos laborales.<\/p>\n<p>En el marco del programa se otorgar\u00e1 una suma dineraria fija a los trabajadores encuadrados en el R\u00e9gimen Especial de Contrato de Trabajo para el Personal de Casas Particulares, a cuenta del pago de las remuneraciones a cargo de los empleadores adheridos. Para ello los empleadores deben inscribirse en el programa y cumplir una serie de requisitos.<\/p>\n<p>&gt; Para m\u00e1s informaci\u00f3n sobre el Decreto 660\/21 Poder Ejecutivo Nacional <a target=\"_blank\" href=\"https:\/\/www.boletinoficial.gob.ar\/detalleAviso\/primera\/250120\/20210928\" rel=\"nofollow noopener\">clic aqu\u00ed<\/a><\/p>\n<p>&nbsp;<\/p>\n<h2>Servicio Dom\u00e9stico. Programa \u201cREGISTRADAS\u201d<\/h2>\n<p>El MTEySS establece que la solicitud de adhesi\u00f3n al Programa REGISTRADAS deber\u00e1 realizarse al momento de registrar la relaci\u00f3n laboral en el Sistema de Simplificaci\u00f3n Registral del R\u00e9gimen Especial del Contrato de Trabajo en Casas Particulares de la AFIP.<\/p>\n<p>Tambi\u00e9n se establecen las condiciones que deben cumplir los empleadores para acceder el beneficio.<\/p>\n<p>En caso de acceder el beneficio la liquidaci\u00f3n y pago establecido en el Programa REGISTRADAS se realizar\u00e1 mediante el servicio del Programa REPRO II.<\/p>\n<p>&gt; Para m\u00e1s informaci\u00f3n sobre la Resoluci\u00f3n 657\/2021 MTEySS <a target=\"_blank\" href=\"https:\/\/www.boletinoficial.gob.ar\/detalleAviso\/primera\/251648\/20211025\" rel=\"nofollow noopener\">clic aqu\u00ed<\/a><\/p>\n<p>[\/et_pb_text][\/et_pb_column][\/et_pb_row][\/et_pb_section]<\/p>\n","protected":false},"excerpt":{"rendered":"<p>[et_pb_section fb_built=&#8221;1&#8243; _builder_version=&#8221;4.11.4&#8243; _module_preset=&#8221;default&#8221; global_colors_info=&#8221;{}&#8221;][et_pb_row _builder_version=&#8221;4.11.4&#8243; _module_preset=&#8221;default&#8221; global_colors_info=&#8221;{}&#8221; custom_margin=&#8221;-35px|auto||auto||&#8221;][et_pb_column type=&#8221;4_4&#8243; _builder_version=&#8221;4.11.4&#8243; _module_preset=&#8221;default&#8221; global_colors_info=&#8221;{}&#8221;][et_pb_text _builder_version=&#8221;4.11.4&#8243; _module_preset=&#8221;default&#8221; global_colors_info=&#8221;{}&#8221;] REPRO II Se establece hasta el 31 de diciembre de 2038, el plazo de vigencia de los derechos y obligaciones acordados en el marco de la Ley 19.640 concedidos a favor de las empresas radicadas en la Provincia de [&hellip;]<\/p>\n","protected":false},"author":17,"featured_media":4038,"comment_status":"closed","ping_status":"closed","sticky":false,"template":"","format":"standard","meta":{"_acf_changed":false,"_joinchat":[],"footnotes":""},"categories":[58,96],"tags":[],"class_list":["post-11117","post","type-post","status-publish","format-standard","has-post-thumbnail","hentry","category-news-en","category-tax-en"],"acf":[],"_links":{"self":[{"href":"https:\/\/ar.andersen.com\/en\/wp-json\/wp\/v2\/posts\/11117","targetHints":{"allow":["GET"]}}],"collection":[{"href":"https:\/\/ar.andersen.com\/en\/wp-json\/wp\/v2\/posts"}],"about":[{"href":"https:\/\/ar.andersen.com\/en\/wp-json\/wp\/v2\/types\/post"}],"author":[{"embeddable":true,"href":"https:\/\/ar.andersen.com\/en\/wp-json\/wp\/v2\/users\/17"}],"replies":[{"embeddable":true,"href":"https:\/\/ar.andersen.com\/en\/wp-json\/wp\/v2\/comments?post=11117"}],"version-history":[{"count":1,"href":"https:\/\/ar.andersen.com\/en\/wp-json\/wp\/v2\/posts\/11117\/revisions"}],"predecessor-version":[{"id":11126,"href":"https:\/\/ar.andersen.com\/en\/wp-json\/wp\/v2\/posts\/11117\/revisions\/11126"}],"wp:featuredmedia":[{"embeddable":true,"href":"https:\/\/ar.andersen.com\/en\/wp-json\/wp\/v2\/media\/4038"}],"wp:attachment":[{"href":"https:\/\/ar.andersen.com\/en\/wp-json\/wp\/v2\/media?parent=11117"}],"wp:term":[{"taxonomy":"category","embeddable":true,"href":"https:\/\/ar.andersen.com\/en\/wp-json\/wp\/v2\/categories?post=11117"},{"taxonomy":"post_tag","embeddable":true,"href":"https:\/\/ar.andersen.com\/en\/wp-json\/wp\/v2\/tags?post=11117"}],"curies":[{"name":"wp","href":"https:\/\/api.w.org\/{rel}","templated":true}]}}